{"id":10312,"date":"2025-09-04T11:32:29","date_gmt":"2025-09-04T09:32:29","guid":{"rendered":"https:\/\/novag.heska.mp\/2025\/09\/04\/seminaire-ca-day-en-basse-saxe\/"},"modified":"2025-11-05T11:16:58","modified_gmt":"2025-11-05T10:16:58","slug":"seminaire-ca-day-en-basse-saxe","status":"publish","type":"post","link":"https:\/\/novagsas.com\/fr\/seminaire-ca-day-en-basse-saxe\/","title":{"rendered":"S\u00e9minaire CA Day en Basse-Saxe"},"content":{"rendered":"<h4 id=\"js-headline\" class=\"headline-section__title\"><strong>L&rsquo;agriculture de conservation - un mod\u00e8le d&rsquo;avenir pour une agriculture durable et r\u00e9siliente au changement climatique ! ?<\/strong><\/h4>\n<p>Le changement climatique modifie de plus en plus les techniques de production dans les cultures et pose des d\u00e9fis importants aux agriculteurs. Quelle contribution l&rsquo;agriculture de conservation peut-elle apporter pour que les cultures soient encore durables, fructueuses et productives \u00e0 l&rsquo;avenir ? <\/p>\n<p>L&rsquo;agriculture de conservation (semis direct sous couvert) est un syst\u00e8me de culture qui repose sur les principes de perturbation minimale du sol, de couverture permanente du sol et de diversification des esp\u00e8ces v\u00e9g\u00e9tales. Il favorise les processus biologiques naturels au-dessus et en dessous de la surface du sol, ce qui permet une utilisation plus efficace de l&rsquo;eau et des nutriments. <\/p>\n<p>Ludgeri dans le district de Helmstedt, nous souhaitons informer de mani\u00e8re d\u00e9taill\u00e9e les chefs d&rsquo;exploitation* qui envisagent de se lancer dans le semis direct sous couvert, qui sont sur le point de le faire ou qui ont d\u00e9j\u00e0 acquis une premi\u00e8re exp\u00e9rience avec ce syst\u00e8me de culture.<\/p>\n<p>L&rsquo;accent sera mis sur les \u00e9l\u00e9ments \u00e0 prendre en compte pour r\u00e9ussir \u00e0 se lancer dans l&rsquo;agriculture de conservation.<\/p>\n<p>Le s\u00e9minaire d\u00e9bute \u00e0 9h00 par un bref accueil et une pr\u00e9sentation de l&rsquo;entreprise. Ensuite, nous nous consacrerons \u00e0 des sujets pratiques dans le cadre de pr\u00e9sentations compactes et informatives : <\/p>\n<ul>\n<li>L&rsquo;agriculture de conservation peut-elle \u00eatre un mod\u00e8le d&rsquo;avenir pour l&rsquo;agriculture ?<\/li>\n<li>Quels sont les avantages du syst\u00e8me, quels sont les d\u00e9fis ?<\/li>\n<li>Biodiversit\u00e9 gr\u00e2ce aux cultures interm\u00e9diaires \/ Biodiversit\u00e9 dans les cultures interm\u00e9diaires<\/li>\n<li>Impact de l&rsquo;agriculture de conservation sur la structure des sols<\/li>\n<li>Pourquoi renoncer au travail du sol - mon parcours vers le semis direct sous couvert, un praticien t\u00e9moigne<\/li>\n<\/ul>\n<p>&nbsp;<\/p>\n<p>La pause d\u00e9jeuner qui suivra, avec restauration, sera l&rsquo;occasion d&rsquo;\u00e9changer et de cr\u00e9er des liens avec des coll\u00e8gues* professionnels et des intervenants.<\/p>\n<p>Ensuite, les fabricants pr\u00e9senteront diff\u00e9rents semis directs sous couvert sur une parcelle pratique. Ensuite, une utilisation pratique des appareils (semis direct sous couvert) dans une culture interm\u00e9diaire en place (Planting green) sera effectu\u00e9e. <\/p>\n<h3><\/h3>\n<h3 class=\"section-sub__headline\"><strong>Programme<\/strong><\/h3>\n<div class=\"row\">\n<h4 class=\"col-md-12 infolabel\"><strong>07.10.2025<\/strong><\/h4>\n<h4 class=\"col-md-12 infolabel\"><strong>09h00 - 09h30  <\/strong><\/h4>\n<p class=\"col-md-12 infolabel\">Accueil et pr\u00e9sentation de l&rsquo;exploitation<br \/>\n<em>Exploitation agricole St.Ludgeri Timm Behn Claus Fricke, LWK Niedersachsen<\/em><\/p>\n<\/div>\n<div class=\"row\">\n<h4 class=\"col-md-4 infolabel\"><strong>09h30 - 10h15<\/strong><\/h4>\n<p class=\"col-md-4 infolabel\">Conservation Agriculture - Le semis direct sous couvert est-il le mod\u00e8le d&rsquo;avenir pour une agriculture durable ?<br \/>\n<em><a id=\"js-popover-2D7EA74C-FDEC-8B90-4120FE31D9ED9482\" class=\"js-instructor-popover\" tabindex=\"0\" title=\"\" data-toggle=\"popover\" data-container=\"body\" data-original-title=\"Claus Fricke\"><\/a>Claus Fricke, LWK Basse-Saxe<\/em><\/p>\n<\/div>\n<div class=\"row\">\n<h4 class=\"col-md-4 infolabel\"><strong>10h15 - 11h00  <\/strong><\/h4>\n<p class=\"col-md-4 infolabel\">Diversit\u00e9 v\u00e9g\u00e9tale dans les cultures - Comment la biodiversit\u00e9 influence-t-elle les cycles du sol et les param\u00e8tres de rendement<br \/>\n<em>Dr. Norman Gentsch, Leibniz Universit\u00e4t Hannover<\/em><\/p>\n<\/div>\n<div class=\"row\">\n<h4 class=\"col-md-4 infolabel\"><strong>11.0<\/strong><strong>1.15 U<\/strong><strong>0 - 1hr <\/strong> <\/h4>\n<p class=\"col-md-4 infolabel\">Pause communication<\/p>\n<\/div>\n<div class=\"row\">\n<h4 class=\"col-md-4 infolabel\"><strong>11h15 - 12h00  <\/strong><\/h4>\n<p class=\"col-md-4 infolabel\">Mon parcours vers le semis direct - Semis direct sous couvert sur des sites h\u00e9t\u00e9rog\u00e8nes et difficiles dans l&rsquo;est de la Basse-Saxe<br \/>\n<em>Burkhard Fromme<\/em><\/p>\n<\/div>\n<div class=\"row\">\n<h4 class=\"col-md-4 infolabel\"><strong>12h00 - 12h45<\/strong><\/h4>\n<div class=\"col-md-8 infocontent\">Pause d\u00e9jeuner avec repas &amp; boissons<\/div>\n<\/div>\n<div class=\"row\">\n<h4 class=\"col-md-4 infolabel\"><strong>13h00 - 14h30<\/strong><\/h4>\n<div class=\"col-md-8 infocontent\">\n<p>Pr\u00e9sentation des machines (en petits groupes) Sp\u00e9cialistes produits des fabricants<\/p>\n<ul>\n<li>Pr\u00e9sentation de machine : Amazone Primera DMC 6000-2C \/ Claydon Evolution 3mF \/ Horsch Avatar \/ Novag T-Force Plus \/ Sly Boss \/ Sky Easydrill \/ V\u00e4derstad Seed Hawk 600C \/ Weaving GD 300<\/li>\n<li>* En cas de mauvais temps, la pr\u00e9sentation des machines aura lieu dans un hall.<\/li>\n<\/ul>\n<\/div>\n<\/div>\n<div class=\"row\">\n<h4 class=\"col-md-4 infolabel\"><strong>14h30 - 16h15<\/strong><\/h4>\n<div class=\"col-md-8 infocontent\">\n<p>Utilisation de machines, semis de bl\u00e9 dans une culture interm\u00e9diaire en place<\/p>\n<ul>\n<li>Pr\u00e9sentation de machine : Amazone Primera DMC 6000-2C \/ Claydon Evolution 3mF \/ Horsch Avatar \/ Novag T-Force Plus \/ Sly Boss \/ Sky Easydrill \/ V\u00e4derstad Seed Hawk 600C \/ Weaving GD 300<\/li>\n<li>** En cas de mauvais temps \/ d&rsquo;humidit\u00e9 tr\u00e8s \u00e9lev\u00e9e du sol sur la surface pratique, aucun semis ne sera effectu\u00e9 le jour de l&rsquo;\u00e9v\u00e9nement.<\/li>\n<\/ul>\n<\/div>\n<\/div>\n<div class=\"row\">\n<h4 class=\"col-md-4 infolabel\"><strong>16h15 - 16h30<\/strong><\/h4>\n<div class=\"col-md-8 infocontent\">Conclusion et prise de cong\u00e9<br \/>\n<em><a id=\"js-popover-2D7EA77A-AB5E-3EAF-4A3741AD258D5BDC\" class=\"js-instructor-popover\" tabindex=\"0\" title=\"\" data-toggle=\"popover\" data-container=\"body\" data-original-title=\"Claus Fricke\"><\/a> Claus<\/em><em>Fricke, LWK Niedersachsen<\/p>\n<p><\/em><\/div>\n<\/div>\n<div class=\"row\">\n<div class=\"col-md-4 infolabel\">Direction de l&rsquo;\u00e9v\u00e9nement<br \/>\n Claus<em>Fricke , LWK Niedersachsen<\/em><\/div>\n<div class=\"col-md-8\">\n<h4><\/h4>\n<h4><strong>Inscription \u00e0 : <a href=\"https:\/\/www.lwk-niedersachsen.de\/lwk\/vera\/11650_Conservation_Agriculture_-_Zukunftsmodell_fuer_einen_nachhaltigen_und_klimaresilienten_Ackerbau_?source=pareto\">ici<\/a><\/strong><\/h4>\n<\/div>\n<\/div>\n","protected":false},"excerpt":{"rendered":"<p>L&rsquo;agriculture de conservation - un mod\u00e8le d&rsquo;avenir pour une agriculture durable et r\u00e9siliente au changement climatique ! ? Le changement climatique modifie de plus en plus les techniques de production dans les cultures et pose des d\u00e9fis importants aux agriculteurs. Quelle contribution l&rsquo;agriculture de conservation peut-elle apporter pour que les cultures soient encore durables, fructueuses [&hellip;]<\/p>\n","protected":false},"author":8,"featured_media":9490,"comment_status":"open","ping_status":"open","sticky":false,"template":"","format":"standard","meta":{"_acf_changed":false,"footnotes":""},"categories":[59],"tags":[],"class_list":["post-10312","post","type-post","status-publish","format-standard","has-post-thumbnail","hentry","category-non-classe"],"acf":[],"yoast_head":"<!-- This site is optimized with the Yoast SEO plugin v27.3 - https:\/\/yoast.com\/product\/yoast-seo-wordpress\/ -->\n<title>S\u00e9minaire CA Day en Basse-Saxe - Novag<\/title>\n<meta name=\"robots\" content=\"index, follow, max-snippet:-1, max-image-preview:large, max-video-preview:-1\" \/>\n<link rel=\"canonical\" href=\"https:\/\/novagsas.com\/fr\/seminaire-ca-day-en-basse-saxe\/\" \/>\n<meta property=\"og:locale\" content=\"fr_FR\" \/>\n<meta property=\"og:type\" content=\"article\" \/>\n<meta property=\"og:title\" content=\"S\u00e9minaire CA Day en Basse-Saxe - Novag\" \/>\n<meta property=\"og:description\" content=\"L&rsquo;agriculture de conservation - un mod\u00e8le d&rsquo;avenir pour une agriculture durable et r\u00e9siliente au changement climatique ! ? Le changement climatique modifie de plus en plus les techniques de production dans les cultures et pose des d\u00e9fis importants aux agriculteurs. Quelle contribution l&rsquo;agriculture de conservation peut-elle apporter pour que les cultures soient encore durables, fructueuses [&hellip;]\" \/>\n<meta property=\"og:url\" content=\"https:\/\/novagsas.com\/fr\/seminaire-ca-day-en-basse-saxe\/\" \/>\n<meta property=\"og:site_name\" content=\"Novag\" \/>\n<meta property=\"article:published_time\" content=\"2025-09-04T09:32:29+00:00\" \/>\n<meta property=\"article:modified_time\" content=\"2025-11-05T10:16:58+00:00\" \/>\n<meta property=\"og:image\" content=\"https:\/\/novagsas.com\/wp-content\/uploads\/2025\/10\/Claas-Axion-TT-Novag-650.webp\" \/>\n\t<meta property=\"og:image:width\" content=\"1920\" \/>\n\t<meta property=\"og:image:height\" content=\"864\" \/>\n\t<meta property=\"og:image:type\" content=\"image\/webp\" \/>\n<meta name=\"author\" content=\"Marlene\" \/>\n<meta name=\"twitter:card\" content=\"summary_large_image\" \/>\n<meta name=\"twitter:label1\" content=\"\u00c9crit par\" \/>\n\t<meta name=\"twitter:data1\" content=\"Marlene\" \/>\n\t<meta name=\"twitter:label2\" content=\"Dur\u00e9e de lecture estim\u00e9e\" \/>\n\t<meta name=\"twitter:data2\" content=\"3 minutes\" \/>\n<script type=\"application\/ld+json\" class=\"yoast-schema-graph\">{\"@context\":\"https:\\\/\\\/schema.org\",\"@graph\":[{\"@type\":\"Article\",\"@id\":\"https:\\\/\\\/novagsas.com\\\/fr\\\/seminaire-ca-day-en-basse-saxe\\\/#article\",\"isPartOf\":{\"@id\":\"https:\\\/\\\/novagsas.com\\\/fr\\\/seminaire-ca-day-en-basse-saxe\\\/\"},\"author\":{\"name\":\"Marlene\",\"@id\":\"https:\\\/\\\/novagsas.com\\\/fr\\\/#\\\/schema\\\/person\\\/a2b96a37487c76d19e1abf71b316943d\"},\"headline\":\"S\u00e9minaire CA Day en Basse-Saxe\",\"datePublished\":\"2025-09-04T09:32:29+00:00\",\"dateModified\":\"2025-11-05T10:16:58+00:00\",\"mainEntityOfPage\":{\"@id\":\"https:\\\/\\\/novagsas.com\\\/fr\\\/seminaire-ca-day-en-basse-saxe\\\/\"},\"wordCount\":654,\"commentCount\":0,\"publisher\":{\"@id\":\"https:\\\/\\\/novagsas.com\\\/fr\\\/#organization\"},\"image\":{\"@id\":\"https:\\\/\\\/novagsas.com\\\/fr\\\/seminaire-ca-day-en-basse-saxe\\\/#primaryimage\"},\"thumbnailUrl\":\"https:\\\/\\\/novagsas.com\\\/wp-content\\\/uploads\\\/2025\\\/10\\\/Claas-Axion-TT-Novag-650.webp\",\"inLanguage\":\"fr-FR\",\"potentialAction\":[{\"@type\":\"CommentAction\",\"name\":\"Comment\",\"target\":[\"https:\\\/\\\/novagsas.com\\\/fr\\\/seminaire-ca-day-en-basse-saxe\\\/#respond\"]}]},{\"@type\":\"WebPage\",\"@id\":\"https:\\\/\\\/novagsas.com\\\/fr\\\/seminaire-ca-day-en-basse-saxe\\\/\",\"url\":\"https:\\\/\\\/novagsas.com\\\/fr\\\/seminaire-ca-day-en-basse-saxe\\\/\",\"name\":\"S\u00e9minaire CA Day en Basse-Saxe - Novag\",\"isPartOf\":{\"@id\":\"https:\\\/\\\/novagsas.com\\\/fr\\\/#website\"},\"primaryImageOfPage\":{\"@id\":\"https:\\\/\\\/novagsas.com\\\/fr\\\/seminaire-ca-day-en-basse-saxe\\\/#primaryimage\"},\"image\":{\"@id\":\"https:\\\/\\\/novagsas.com\\\/fr\\\/seminaire-ca-day-en-basse-saxe\\\/#primaryimage\"},\"thumbnailUrl\":\"https:\\\/\\\/novagsas.com\\\/wp-content\\\/uploads\\\/2025\\\/10\\\/Claas-Axion-TT-Novag-650.webp\",\"datePublished\":\"2025-09-04T09:32:29+00:00\",\"dateModified\":\"2025-11-05T10:16:58+00:00\",\"breadcrumb\":{\"@id\":\"https:\\\/\\\/novagsas.com\\\/fr\\\/seminaire-ca-day-en-basse-saxe\\\/#breadcrumb\"},\"inLanguage\":\"fr-FR\",\"potentialAction\":[{\"@type\":\"ReadAction\",\"target\":[\"https:\\\/\\\/novagsas.com\\\/fr\\\/seminaire-ca-day-en-basse-saxe\\\/\"]}]},{\"@type\":\"ImageObject\",\"inLanguage\":\"fr-FR\",\"@id\":\"https:\\\/\\\/novagsas.com\\\/fr\\\/seminaire-ca-day-en-basse-saxe\\\/#primaryimage\",\"url\":\"https:\\\/\\\/novagsas.com\\\/wp-content\\\/uploads\\\/2025\\\/10\\\/Claas-Axion-TT-Novag-650.webp\",\"contentUrl\":\"https:\\\/\\\/novagsas.com\\\/wp-content\\\/uploads\\\/2025\\\/10\\\/Claas-Axion-TT-Novag-650.webp\",\"width\":1920,\"height\":864},{\"@type\":\"BreadcrumbList\",\"@id\":\"https:\\\/\\\/novagsas.com\\\/fr\\\/seminaire-ca-day-en-basse-saxe\\\/#breadcrumb\",\"itemListElement\":[{\"@type\":\"ListItem\",\"position\":1,\"name\":\"Startseite\",\"item\":\"https:\\\/\\\/novagsas.com\\\/fr\\\/\"},{\"@type\":\"ListItem\",\"position\":2,\"name\":\"S\u00e9minaire CA Day en Basse-Saxe\"}]},{\"@type\":\"WebSite\",\"@id\":\"https:\\\/\\\/novagsas.com\\\/fr\\\/#website\",\"url\":\"https:\\\/\\\/novagsas.com\\\/fr\\\/\",\"name\":\"Novag\",\"description\":\"\",\"publisher\":{\"@id\":\"https:\\\/\\\/novagsas.com\\\/fr\\\/#organization\"},\"potentialAction\":[{\"@type\":\"SearchAction\",\"target\":{\"@type\":\"EntryPoint\",\"urlTemplate\":\"https:\\\/\\\/novagsas.com\\\/fr\\\/?s={search_term_string}\"},\"query-input\":{\"@type\":\"PropertyValueSpecification\",\"valueRequired\":true,\"valueName\":\"search_term_string\"}}],\"inLanguage\":\"fr-FR\"},{\"@type\":\"Organization\",\"@id\":\"https:\\\/\\\/novagsas.com\\\/fr\\\/#organization\",\"name\":\"SAS Agriculture Nouvelle G\u00e9n\u00e9ration\",\"url\":\"https:\\\/\\\/novagsas.com\\\/fr\\\/\",\"logo\":{\"@type\":\"ImageObject\",\"inLanguage\":\"fr-FR\",\"@id\":\"https:\\\/\\\/novagsas.com\\\/fr\\\/#\\\/schema\\\/logo\\\/image\\\/\",\"url\":\"https:\\\/\\\/novagsas.com\\\/wp-content\\\/uploads\\\/2024\\\/04\\\/NOV_Logo-Tagline.png\",\"contentUrl\":\"https:\\\/\\\/novagsas.com\\\/wp-content\\\/uploads\\\/2024\\\/04\\\/NOV_Logo-Tagline.png\",\"width\":1920,\"height\":391,\"caption\":\"SAS Agriculture Nouvelle G\u00e9n\u00e9ration\"},\"image\":{\"@id\":\"https:\\\/\\\/novagsas.com\\\/fr\\\/#\\\/schema\\\/logo\\\/image\\\/\"}},{\"@type\":\"Person\",\"@id\":\"https:\\\/\\\/novagsas.com\\\/fr\\\/#\\\/schema\\\/person\\\/a2b96a37487c76d19e1abf71b316943d\",\"name\":\"Marlene\",\"image\":{\"@type\":\"ImageObject\",\"inLanguage\":\"fr-FR\",\"@id\":\"https:\\\/\\\/secure.gravatar.com\\\/avatar\\\/a3573273a08c1d89f8b0c5df5727dc337b33aeaa1f038d3ee869bf88c4585ac7?s=96&d=mm&r=g\",\"url\":\"https:\\\/\\\/secure.gravatar.com\\\/avatar\\\/a3573273a08c1d89f8b0c5df5727dc337b33aeaa1f038d3ee869bf88c4585ac7?s=96&d=mm&r=g\",\"contentUrl\":\"https:\\\/\\\/secure.gravatar.com\\\/avatar\\\/a3573273a08c1d89f8b0c5df5727dc337b33aeaa1f038d3ee869bf88c4585ac7?s=96&d=mm&r=g\",\"caption\":\"Marlene\"},\"url\":\"#\"}]}<\/script>\n<!-- \/ Yoast SEO plugin. -->","yoast_head_json":{"title":"S\u00e9minaire CA Day en Basse-Saxe - Novag","robots":{"index":"index","follow":"follow","max-snippet":"max-snippet:-1","max-image-preview":"max-image-preview:large","max-video-preview":"max-video-preview:-1"},"canonical":"https:\/\/novagsas.com\/fr\/seminaire-ca-day-en-basse-saxe\/","og_locale":"fr_FR","og_type":"article","og_title":"S\u00e9minaire CA Day en Basse-Saxe - Novag","og_description":"L&rsquo;agriculture de conservation - un mod\u00e8le d&rsquo;avenir pour une agriculture durable et r\u00e9siliente au changement climatique ! ? Le changement climatique modifie de plus en plus les techniques de production dans les cultures et pose des d\u00e9fis importants aux agriculteurs. Quelle contribution l&rsquo;agriculture de conservation peut-elle apporter pour que les cultures soient encore durables, fructueuses [&hellip;]","og_url":"https:\/\/novagsas.com\/fr\/seminaire-ca-day-en-basse-saxe\/","og_site_name":"Novag","article_published_time":"2025-09-04T09:32:29+00:00","article_modified_time":"2025-11-05T10:16:58+00:00","og_image":[{"width":1920,"height":864,"url":"https:\/\/novagsas.com\/wp-content\/uploads\/2025\/10\/Claas-Axion-TT-Novag-650.webp","type":"image\/webp"}],"author":"Marlene","twitter_card":"summary_large_image","twitter_misc":{"\u00c9crit par":"Marlene","Dur\u00e9e de lecture estim\u00e9e":"3 minutes"},"schema":{"@context":"https:\/\/schema.org","@graph":[{"@type":"Article","@id":"https:\/\/novagsas.com\/fr\/seminaire-ca-day-en-basse-saxe\/#article","isPartOf":{"@id":"https:\/\/novagsas.com\/fr\/seminaire-ca-day-en-basse-saxe\/"},"author":{"name":"Marlene","@id":"https:\/\/novagsas.com\/fr\/#\/schema\/person\/a2b96a37487c76d19e1abf71b316943d"},"headline":"S\u00e9minaire CA Day en Basse-Saxe","datePublished":"2025-09-04T09:32:29+00:00","dateModified":"2025-11-05T10:16:58+00:00","mainEntityOfPage":{"@id":"https:\/\/novagsas.com\/fr\/seminaire-ca-day-en-basse-saxe\/"},"wordCount":654,"commentCount":0,"publisher":{"@id":"https:\/\/novagsas.com\/fr\/#organization"},"image":{"@id":"https:\/\/novagsas.com\/fr\/seminaire-ca-day-en-basse-saxe\/#primaryimage"},"thumbnailUrl":"https:\/\/novagsas.com\/wp-content\/uploads\/2025\/10\/Claas-Axion-TT-Novag-650.webp","inLanguage":"fr-FR","potentialAction":[{"@type":"CommentAction","name":"Comment","target":["https:\/\/novagsas.com\/fr\/seminaire-ca-day-en-basse-saxe\/#respond"]}]},{"@type":"WebPage","@id":"https:\/\/novagsas.com\/fr\/seminaire-ca-day-en-basse-saxe\/","url":"https:\/\/novagsas.com\/fr\/seminaire-ca-day-en-basse-saxe\/","name":"S\u00e9minaire CA Day en Basse-Saxe - Novag","isPartOf":{"@id":"https:\/\/novagsas.com\/fr\/#website"},"primaryImageOfPage":{"@id":"https:\/\/novagsas.com\/fr\/seminaire-ca-day-en-basse-saxe\/#primaryimage"},"image":{"@id":"https:\/\/novagsas.com\/fr\/seminaire-ca-day-en-basse-saxe\/#primaryimage"},"thumbnailUrl":"https:\/\/novagsas.com\/wp-content\/uploads\/2025\/10\/Claas-Axion-TT-Novag-650.webp","datePublished":"2025-09-04T09:32:29+00:00","dateModified":"2025-11-05T10:16:58+00:00","breadcrumb":{"@id":"https:\/\/novagsas.com\/fr\/seminaire-ca-day-en-basse-saxe\/#breadcrumb"},"inLanguage":"fr-FR","potentialAction":[{"@type":"ReadAction","target":["https:\/\/novagsas.com\/fr\/seminaire-ca-day-en-basse-saxe\/"]}]},{"@type":"ImageObject","inLanguage":"fr-FR","@id":"https:\/\/novagsas.com\/fr\/seminaire-ca-day-en-basse-saxe\/#primaryimage","url":"https:\/\/novagsas.com\/wp-content\/uploads\/2025\/10\/Claas-Axion-TT-Novag-650.webp","contentUrl":"https:\/\/novagsas.com\/wp-content\/uploads\/2025\/10\/Claas-Axion-TT-Novag-650.webp","width":1920,"height":864},{"@type":"BreadcrumbList","@id":"https:\/\/novagsas.com\/fr\/seminaire-ca-day-en-basse-saxe\/#breadcrumb","itemListElement":[{"@type":"ListItem","position":1,"name":"Startseite","item":"https:\/\/novagsas.com\/fr\/"},{"@type":"ListItem","position":2,"name":"S\u00e9minaire CA Day en Basse-Saxe"}]},{"@type":"WebSite","@id":"https:\/\/novagsas.com\/fr\/#website","url":"https:\/\/novagsas.com\/fr\/","name":"Novag","description":"","publisher":{"@id":"https:\/\/novagsas.com\/fr\/#organization"},"potentialAction":[{"@type":"SearchAction","target":{"@type":"EntryPoint","urlTemplate":"https:\/\/novagsas.com\/fr\/?s={search_term_string}"},"query-input":{"@type":"PropertyValueSpecification","valueRequired":true,"valueName":"search_term_string"}}],"inLanguage":"fr-FR"},{"@type":"Organization","@id":"https:\/\/novagsas.com\/fr\/#organization","name":"SAS Agriculture Nouvelle G\u00e9n\u00e9ration","url":"https:\/\/novagsas.com\/fr\/","logo":{"@type":"ImageObject","inLanguage":"fr-FR","@id":"https:\/\/novagsas.com\/fr\/#\/schema\/logo\/image\/","url":"https:\/\/novagsas.com\/wp-content\/uploads\/2024\/04\/NOV_Logo-Tagline.png","contentUrl":"https:\/\/novagsas.com\/wp-content\/uploads\/2024\/04\/NOV_Logo-Tagline.png","width":1920,"height":391,"caption":"SAS Agriculture Nouvelle G\u00e9n\u00e9ration"},"image":{"@id":"https:\/\/novagsas.com\/fr\/#\/schema\/logo\/image\/"}},{"@type":"Person","@id":"https:\/\/novagsas.com\/fr\/#\/schema\/person\/a2b96a37487c76d19e1abf71b316943d","name":"Marlene","image":{"@type":"ImageObject","inLanguage":"fr-FR","@id":"https:\/\/secure.gravatar.com\/avatar\/a3573273a08c1d89f8b0c5df5727dc337b33aeaa1f038d3ee869bf88c4585ac7?s=96&d=mm&r=g","url":"https:\/\/secure.gravatar.com\/avatar\/a3573273a08c1d89f8b0c5df5727dc337b33aeaa1f038d3ee869bf88c4585ac7?s=96&d=mm&r=g","contentUrl":"https:\/\/secure.gravatar.com\/avatar\/a3573273a08c1d89f8b0c5df5727dc337b33aeaa1f038d3ee869bf88c4585ac7?s=96&d=mm&r=g","caption":"Marlene"},"url":"#"}]}},"_links":{"self":[{"href":"https:\/\/novagsas.com\/fr\/wp-json\/wp\/v2\/posts\/10312","targetHints":{"allow":["GET"]}}],"collection":[{"href":"https:\/\/novagsas.com\/fr\/wp-json\/wp\/v2\/posts"}],"about":[{"href":"https:\/\/novagsas.com\/fr\/wp-json\/wp\/v2\/types\/post"}],"author":[{"embeddable":true,"href":"https:\/\/novagsas.com\/fr\/wp-json\/wp\/v2\/users\/8"}],"replies":[{"embeddable":true,"href":"https:\/\/novagsas.com\/fr\/wp-json\/wp\/v2\/comments?post=10312"}],"version-history":[{"count":2,"href":"https:\/\/novagsas.com\/fr\/wp-json\/wp\/v2\/posts\/10312\/revisions"}],"predecessor-version":[{"id":14057,"href":"https:\/\/novagsas.com\/fr\/wp-json\/wp\/v2\/posts\/10312\/revisions\/14057"}],"wp:featuredmedia":[{"embeddable":true,"href":"https:\/\/novagsas.com\/fr\/wp-json\/wp\/v2\/media\/9490"}],"wp:attachment":[{"href":"https:\/\/novagsas.com\/fr\/wp-json\/wp\/v2\/media?parent=10312"}],"wp:term":[{"taxonomy":"category","embeddable":true,"href":"https:\/\/novagsas.com\/fr\/wp-json\/wp\/v2\/categories?post=10312"},{"taxonomy":"post_tag","embeddable":true,"href":"https:\/\/novagsas.com\/fr\/wp-json\/wp\/v2\/tags?post=10312"}],"curies":[{"name":"wp","href":"https:\/\/api.w.org\/{rel}","templated":true}]}}